{"id":16650,"date":"2016-04-09T13:13:26","date_gmt":"2016-04-09T11:13:26","guid":{"rendered":"https:\/\/solecentrodeimagen.com\/?p=16650"},"modified":"2016-04-14T16:41:17","modified_gmt":"2016-04-14T14:41:17","slug":"domingos-de-comunion-en-sole-centro-de-imagen","status":"publish","type":"post","link":"https:\/\/solecentrodeimagen.com\/en\/domingos-de-comunion-en-sole-centro-de-imagen\/","title":{"rendered":"Domingos de comuni\u00f3n en Sole Centro de Imagen Integral"},"content":{"rendered":"<div class=\"fusion-text fusion-text-1\"><\/p>\n<p style=\"text-align: justify;\">\u00bfTienes alguna comuni\u00f3n este mes de Abril ?\u00a0Ahora Sole Centro de Imagen Integral abre los Domingos para que puedas ir guap@ a tu evento. Cons\u00faltanos !<\/p>\n<p>\n<\/div>\n","protected":false},"excerpt":{"rendered":"","protected":false},"author":13,"featured_media":16651,"comment_status":"open","ping_status":"open","sticky":false,"template":"","format":"image","meta":{"footnotes":""},"categories":[3],"tags":[138,137],"class_list":["post-16650","post","type-post","status-publish","format-image","has-post-thumbnail","hentry","category-novedades","tag-bautizos","tag-comuniones","post_format-post-format-image"],"translation":{"provider":"WPGlobus","version":"3.0.0","language":"en","enabled_languages":["es","en","fr"],"languages":{"es":{"title":true,"content":true,"excerpt":false},"en":{"title":false,"content":false,"excerpt":false},"fr":{"title":false,"content":false,"excerpt":false}}},"yoast_head":"<!-- This site is optimized with the Yoast SEO plugin v23.5 - https:\/\/yoast.com\/wordpress\/plugins\/seo\/ -->\n<title>Domingos de comuni\u00f3n en Sole Centro de Imagen Integral | Sole Centro de Imagen<\/title>\n<meta name=\"robots\" content=\"index, follow, max-snippet:-1, max-image-preview:large, max-video-preview:-1\" \/>\n<link rel=\"canonical\" href=\"https:\/\/solecentrodeimagen.com\/fr\/domingos-de-comunion-en-sole-centro-de-imagen\/\" \/>\n<meta property=\"og:locale\" content=\"en_US\" \/>\n<meta property=\"og:type\" content=\"article\" \/>\n<meta property=\"og:title\" content=\"Domingos de comuni\u00f3n en Sole Centro de Imagen Integral | Sole Centro de Imagen\" \/>\n<meta property=\"og:url\" content=\"https:\/\/solecentrodeimagen.com\/fr\/domingos-de-comunion-en-sole-centro-de-imagen\/\" \/>\n<meta property=\"og:site_name\" content=\"Sole Centro de Imagen\" \/>\n<meta property=\"article:publisher\" content=\"http:\/\/www.facebook.com\/solecentrodeimagen\" \/>\n<meta property=\"article:author\" content=\"http:\/\/www.facebook.com\/solecentrodeimagen\" \/>\n<meta property=\"article:published_time\" content=\"2016-04-09T11:13:26+00:00\" \/>\n<meta property=\"article:modified_time\" content=\"2016-04-14T14:41:17+00:00\" \/>\n<meta property=\"og:image\" content=\"https:\/\/solecentrodeimagen.com\/wp-content\/uploads\/2016\/04\/12928365_1038821099525922_5602393912220741718_n.jpg\" \/>\n\t<meta property=\"og:image:width\" content=\"525\" \/>\n\t<meta property=\"og:image:height\" content=\"350\" \/>\n\t<meta property=\"og:image:type\" content=\"image\/jpeg\" \/>\n<meta name=\"author\" content=\"SOLE CENTRO DE IMAGEN INTEGRAL\" \/>\n<meta name=\"twitter:card\" content=\"summary_large_image\" \/>\n<meta name=\"twitter:label1\" content=\"Written by\" \/>\n\t<meta name=\"twitter:data1\" content=\"SOLE CENTRO DE IMAGEN INTEGRAL\" \/>\n<script type=\"application\/ld+json\" class=\"yoast-schema-graph\">{\"@context\":\"https:\/\/schema.org\",\"@graph\":[{\"@type\":\"Article\",\"@id\":\"https:\/\/solecentrodeimagen.com\/fr\/domingos-de-comunion-en-sole-centro-de-imagen\/#article\",\"isPartOf\":{\"@id\":\"https:\/\/solecentrodeimagen.com\/fr\/domingos-de-comunion-en-sole-centro-de-imagen\/\"},\"author\":{\"name\":\"SOLE CENTRO DE IMAGEN INTEGRAL\",\"@id\":\"https:\/\/solecentrodeimagen.com\/#\/schema\/person\/a07bd6a04172e2938c67d18f721233fd\"},\"headline\":\"Domingos de comuni\u00f3n en Sole Centro de Imagen Integral\",\"datePublished\":\"2016-04-09T11:13:26+00:00\",\"dateModified\":\"2016-04-14T14:41:17+00:00\",\"mainEntityOfPage\":{\"@id\":\"https:\/\/solecentrodeimagen.com\/fr\/domingos-de-comunion-en-sole-centro-de-imagen\/\"},\"wordCount\":41,\"commentCount\":0,\"publisher\":{\"@id\":\"https:\/\/solecentrodeimagen.com\/#organization\"},\"image\":{\"@id\":\"https:\/\/solecentrodeimagen.com\/fr\/domingos-de-comunion-en-sole-centro-de-imagen\/#primaryimage\"},\"thumbnailUrl\":\"https:\/\/solecentrodeimagen.com\/wp-content\/uploads\/2016\/04\/12928365_1038821099525922_5602393912220741718_n.jpg\",\"keywords\":[\"bautizos\",\"comuniones\"],\"articleSection\":[\"Novedades\"],\"inLanguage\":\"en-US\",\"potentialAction\":[{\"@type\":\"CommentAction\",\"name\":\"Comment\",\"target\":[\"https:\/\/solecentrodeimagen.com\/fr\/domingos-de-comunion-en-sole-centro-de-imagen\/#respond\"]}]},{\"@type\":\"WebPage\",\"@id\":\"https:\/\/solecentrodeimagen.com\/fr\/domingos-de-comunion-en-sole-centro-de-imagen\/\",\"url\":\"https:\/\/solecentrodeimagen.com\/fr\/domingos-de-comunion-en-sole-centro-de-imagen\/\",\"name\":\"Domingos de comuni\u00f3n en Sole Centro de Imagen Integral | Sole Centro de Imagen\",\"isPartOf\":{\"@id\":\"https:\/\/solecentrodeimagen.com\/#website\"},\"primaryImageOfPage\":{\"@id\":\"https:\/\/solecentrodeimagen.com\/fr\/domingos-de-comunion-en-sole-centro-de-imagen\/#primaryimage\"},\"image\":{\"@id\":\"https:\/\/solecentrodeimagen.com\/fr\/domingos-de-comunion-en-sole-centro-de-imagen\/#primaryimage\"},\"thumbnailUrl\":\"https:\/\/solecentrodeimagen.com\/wp-content\/uploads\/2016\/04\/12928365_1038821099525922_5602393912220741718_n.jpg\",\"datePublished\":\"2016-04-09T11:13:26+00:00\",\"dateModified\":\"2016-04-14T14:41:17+00:00\",\"breadcrumb\":{\"@id\":\"https:\/\/solecentrodeimagen.com\/fr\/domingos-de-comunion-en-sole-centro-de-imagen\/#breadcrumb\"},\"inLanguage\":\"en-US\",\"potentialAction\":[{\"@type\":\"ReadAction\",\"target\":[\"https:\/\/solecentrodeimagen.com\/fr\/domingos-de-comunion-en-sole-centro-de-imagen\/\"]}]},{\"@type\":\"ImageObject\",\"inLanguage\":\"en-US\",\"@id\":\"https:\/\/solecentrodeimagen.com\/fr\/domingos-de-comunion-en-sole-centro-de-imagen\/#primaryimage\",\"url\":\"https:\/\/solecentrodeimagen.com\/wp-content\/uploads\/2016\/04\/12928365_1038821099525922_5602393912220741718_n.jpg\",\"contentUrl\":\"https:\/\/solecentrodeimagen.com\/wp-content\/uploads\/2016\/04\/12928365_1038821099525922_5602393912220741718_n.jpg\",\"width\":525,\"height\":350},{\"@type\":\"BreadcrumbList\",\"@id\":\"https:\/\/solecentrodeimagen.com\/fr\/domingos-de-comunion-en-sole-centro-de-imagen\/#breadcrumb\",\"itemListElement\":[{\"@type\":\"ListItem\",\"position\":1,\"name\":\"Home\",\"item\":\"https:\/\/solecentrodeimagen.com\/\"},{\"@type\":\"ListItem\",\"position\":2,\"name\":\"Domingos de comuni\u00f3n en Sole Centro de Imagen Integral\"}]},{\"@type\":\"WebSite\",\"@id\":\"https:\/\/solecentrodeimagen.com\/#website\",\"url\":\"https:\/\/solecentrodeimagen.com\/\",\"name\":\"Sole Centro de Imagen\",\"description\":\"Centro Medicina Est\u00e9tica, Dermatolog\u00eda y Est\u00e9tica avanzada\",\"publisher\":{\"@id\":\"https:\/\/solecentrodeimagen.com\/#organization\"},\"potentialAction\":[{\"@type\":\"SearchAction\",\"target\":{\"@type\":\"EntryPoint\",\"urlTemplate\":\"https:\/\/solecentrodeimagen.com\/?s={search_term_string}\"},\"query-input\":{\"@type\":\"PropertyValueSpecification\",\"valueRequired\":true,\"valueName\":\"search_term_string\"}}],\"inLanguage\":\"en-US\"},{\"@type\":\"Organization\",\"@id\":\"https:\/\/solecentrodeimagen.com\/#organization\",\"name\":\"Sole Centro de Imagen Integral\",\"url\":\"https:\/\/solecentrodeimagen.com\/\",\"logo\":{\"@type\":\"ImageObject\",\"inLanguage\":\"en-US\",\"@id\":\"https:\/\/solecentrodeimagen.com\/#\/schema\/logo\/image\/\",\"url\":\"https:\/\/solecentrodeimagen.com\/wp-content\/uploads\/2016\/06\/logo-solecentromedico.png\",\"contentUrl\":\"https:\/\/solecentrodeimagen.com\/wp-content\/uploads\/2016\/06\/logo-solecentromedico.png\",\"width\":281,\"height\":96,\"caption\":\"Sole Centro de Imagen Integral\"},\"image\":{\"@id\":\"https:\/\/solecentrodeimagen.com\/#\/schema\/logo\/image\/\"},\"sameAs\":[\"http:\/\/www.facebook.com\/solecentrodeimagen\",\"http:\/\/www.instagram.com\/solecentrodeimagen\"]},{\"@type\":\"Person\",\"@id\":\"https:\/\/solecentrodeimagen.com\/#\/schema\/person\/a07bd6a04172e2938c67d18f721233fd\",\"name\":\"SOLE CENTRO DE IMAGEN INTEGRAL\",\"image\":{\"@type\":\"ImageObject\",\"inLanguage\":\"en-US\",\"@id\":\"https:\/\/solecentrodeimagen.com\/#\/schema\/person\/image\/\",\"url\":\"https:\/\/secure.gravatar.com\/avatar\/270e8283f6e116369ba63541886d8795?s=96&d=mm&r=g\",\"contentUrl\":\"https:\/\/secure.gravatar.com\/avatar\/270e8283f6e116369ba63541886d8795?s=96&d=mm&r=g\",\"caption\":\"SOLE CENTRO DE IMAGEN INTEGRAL\"},\"sameAs\":[\"https:\/\/www.solecentrodeimagen.com\",\"http:\/\/www.facebook.com\/solecentrodeimagen\"]}]}<\/script>\n<!-- \/ Yoast SEO plugin. -->","yoast_head_json":{"title":"Domingos de comuni\u00f3n en Sole Centro de Imagen Integral | Sole Centro de Imagen","robots":{"index":"index","follow":"follow","max-snippet":"max-snippet:-1","max-image-preview":"max-image-preview:large","max-video-preview":"max-video-preview:-1"},"canonical":"https:\/\/solecentrodeimagen.com\/fr\/domingos-de-comunion-en-sole-centro-de-imagen\/","og_locale":"en_US","og_type":"article","og_title":"Domingos de comuni\u00f3n en Sole Centro de Imagen Integral | Sole Centro de Imagen","og_url":"https:\/\/solecentrodeimagen.com\/fr\/domingos-de-comunion-en-sole-centro-de-imagen\/","og_site_name":"Sole Centro de Imagen","article_publisher":"http:\/\/www.facebook.com\/solecentrodeimagen","article_author":"http:\/\/www.facebook.com\/solecentrodeimagen","article_published_time":"2016-04-09T11:13:26+00:00","article_modified_time":"2016-04-14T14:41:17+00:00","og_image":[{"width":525,"height":350,"url":"https:\/\/solecentrodeimagen.com\/wp-content\/uploads\/2016\/04\/12928365_1038821099525922_5602393912220741718_n.jpg","type":"image\/jpeg"}],"author":"SOLE CENTRO DE IMAGEN INTEGRAL","twitter_card":"summary_large_image","twitter_misc":{"Written by":"SOLE CENTRO DE IMAGEN INTEGRAL"},"schema":{"@context":"https:\/\/schema.org","@graph":[{"@type":"Article","@id":"https:\/\/solecentrodeimagen.com\/fr\/domingos-de-comunion-en-sole-centro-de-imagen\/#article","isPartOf":{"@id":"https:\/\/solecentrodeimagen.com\/fr\/domingos-de-comunion-en-sole-centro-de-imagen\/"},"author":{"name":"SOLE CENTRO DE IMAGEN INTEGRAL","@id":"https:\/\/solecentrodeimagen.com\/#\/schema\/person\/a07bd6a04172e2938c67d18f721233fd"},"headline":"Domingos de comuni\u00f3n en Sole Centro de Imagen Integral","datePublished":"2016-04-09T11:13:26+00:00","dateModified":"2016-04-14T14:41:17+00:00","mainEntityOfPage":{"@id":"https:\/\/solecentrodeimagen.com\/fr\/domingos-de-comunion-en-sole-centro-de-imagen\/"},"wordCount":41,"commentCount":0,"publisher":{"@id":"https:\/\/solecentrodeimagen.com\/#organization"},"image":{"@id":"https:\/\/solecentrodeimagen.com\/fr\/domingos-de-comunion-en-sole-centro-de-imagen\/#primaryimage"},"thumbnailUrl":"https:\/\/solecentrodeimagen.com\/wp-content\/uploads\/2016\/04\/12928365_1038821099525922_5602393912220741718_n.jpg","keywords":["bautizos","comuniones"],"articleSection":["Novedades"],"inLanguage":"en-US","potentialAction":[{"@type":"CommentAction","name":"Comment","target":["https:\/\/solecentrodeimagen.com\/fr\/domingos-de-comunion-en-sole-centro-de-imagen\/#respond"]}]},{"@type":"WebPage","@id":"https:\/\/solecentrodeimagen.com\/fr\/domingos-de-comunion-en-sole-centro-de-imagen\/","url":"https:\/\/solecentrodeimagen.com\/fr\/domingos-de-comunion-en-sole-centro-de-imagen\/","name":"Domingos de comuni\u00f3n en Sole Centro de Imagen Integral | Sole Centro de Imagen","isPartOf":{"@id":"https:\/\/solecentrodeimagen.com\/#website"},"primaryImageOfPage":{"@id":"https:\/\/solecentrodeimagen.com\/fr\/domingos-de-comunion-en-sole-centro-de-imagen\/#primaryimage"},"image":{"@id":"https:\/\/solecentrodeimagen.com\/fr\/domingos-de-comunion-en-sole-centro-de-imagen\/#primaryimage"},"thumbnailUrl":"https:\/\/solecentrodeimagen.com\/wp-content\/uploads\/2016\/04\/12928365_1038821099525922_5602393912220741718_n.jpg","datePublished":"2016-04-09T11:13:26+00:00","dateModified":"2016-04-14T14:41:17+00:00","breadcrumb":{"@id":"https:\/\/solecentrodeimagen.com\/fr\/domingos-de-comunion-en-sole-centro-de-imagen\/#breadcrumb"},"inLanguage":"en-US","potentialAction":[{"@type":"ReadAction","target":["https:\/\/solecentrodeimagen.com\/fr\/domingos-de-comunion-en-sole-centro-de-imagen\/"]}]},{"@type":"ImageObject","inLanguage":"en-US","@id":"https:\/\/solecentrodeimagen.com\/fr\/domingos-de-comunion-en-sole-centro-de-imagen\/#primaryimage","url":"https:\/\/solecentrodeimagen.com\/wp-content\/uploads\/2016\/04\/12928365_1038821099525922_5602393912220741718_n.jpg","contentUrl":"https:\/\/solecentrodeimagen.com\/wp-content\/uploads\/2016\/04\/12928365_1038821099525922_5602393912220741718_n.jpg","width":525,"height":350},{"@type":"BreadcrumbList","@id":"https:\/\/solecentrodeimagen.com\/fr\/domingos-de-comunion-en-sole-centro-de-imagen\/#breadcrumb","itemListElement":[{"@type":"ListItem","position":1,"name":"Home","item":"https:\/\/solecentrodeimagen.com\/"},{"@type":"ListItem","position":2,"name":"Domingos de comuni\u00f3n en Sole Centro de Imagen Integral"}]},{"@type":"WebSite","@id":"https:\/\/solecentrodeimagen.com\/#website","url":"https:\/\/solecentrodeimagen.com\/","name":"Sole Centro de Imagen","description":"Centro Medicina Est\u00e9tica, Dermatolog\u00eda y Est\u00e9tica avanzada","publisher":{"@id":"https:\/\/solecentrodeimagen.com\/#organization"},"potentialAction":[{"@type":"SearchAction","target":{"@type":"EntryPoint","urlTemplate":"https:\/\/solecentrodeimagen.com\/?s={search_term_string}"},"query-input":{"@type":"PropertyValueSpecification","valueRequired":true,"valueName":"search_term_string"}}],"inLanguage":"en-US"},{"@type":"Organization","@id":"https:\/\/solecentrodeimagen.com\/#organization","name":"Sole Centro de Imagen Integral","url":"https:\/\/solecentrodeimagen.com\/","logo":{"@type":"ImageObject","inLanguage":"en-US","@id":"https:\/\/solecentrodeimagen.com\/#\/schema\/logo\/image\/","url":"https:\/\/solecentrodeimagen.com\/wp-content\/uploads\/2016\/06\/logo-solecentromedico.png","contentUrl":"https:\/\/solecentrodeimagen.com\/wp-content\/uploads\/2016\/06\/logo-solecentromedico.png","width":281,"height":96,"caption":"Sole Centro de Imagen Integral"},"image":{"@id":"https:\/\/solecentrodeimagen.com\/#\/schema\/logo\/image\/"},"sameAs":["http:\/\/www.facebook.com\/solecentrodeimagen","http:\/\/www.instagram.com\/solecentrodeimagen"]},{"@type":"Person","@id":"https:\/\/solecentrodeimagen.com\/#\/schema\/person\/a07bd6a04172e2938c67d18f721233fd","name":"SOLE CENTRO DE IMAGEN INTEGRAL","image":{"@type":"ImageObject","inLanguage":"en-US","@id":"https:\/\/solecentrodeimagen.com\/#\/schema\/person\/image\/","url":"https:\/\/secure.gravatar.com\/avatar\/270e8283f6e116369ba63541886d8795?s=96&d=mm&r=g","contentUrl":"https:\/\/secure.gravatar.com\/avatar\/270e8283f6e116369ba63541886d8795?s=96&d=mm&r=g","caption":"SOLE CENTRO DE IMAGEN INTEGRAL"},"sameAs":["https:\/\/www.solecentrodeimagen.com","http:\/\/www.facebook.com\/solecentrodeimagen"]}]}},"_links":{"self":[{"href":"https:\/\/solecentrodeimagen.com\/en\/wp-json\/wp\/v2\/posts\/16650"}],"collection":[{"href":"https:\/\/solecentrodeimagen.com\/en\/wp-json\/wp\/v2\/posts"}],"about":[{"href":"https:\/\/solecentrodeimagen.com\/en\/wp-json\/wp\/v2\/types\/post"}],"author":[{"embeddable":true,"href":"https:\/\/solecentrodeimagen.com\/en\/wp-json\/wp\/v2\/users\/13"}],"replies":[{"embeddable":true,"href":"https:\/\/solecentrodeimagen.com\/en\/wp-json\/wp\/v2\/comments?post=16650"}],"version-history":[{"count":0,"href":"https:\/\/solecentrodeimagen.com\/en\/wp-json\/wp\/v2\/posts\/16650\/revisions"}],"wp:featuredmedia":[{"embeddable":true,"href":"https:\/\/solecentrodeimagen.com\/en\/wp-json\/wp\/v2\/media\/16651"}],"wp:attachment":[{"href":"https:\/\/solecentrodeimagen.com\/en\/wp-json\/wp\/v2\/media?parent=16650"}],"wp:term":[{"taxonomy":"category","embeddable":true,"href":"https:\/\/solecentrodeimagen.com\/en\/wp-json\/wp\/v2\/categories?post=16650"},{"taxonomy":"post_tag","embeddable":true,"href":"https:\/\/solecentrodeimagen.com\/en\/wp-json\/wp\/v2\/tags?post=16650"}],"curies":[{"name":"wp","href":"https:\/\/api.w.org\/{rel}","templated":true}]}}