{"id":16670,"date":"2016-04-15T11:40:16","date_gmt":"2016-04-15T09:40:16","guid":{"rendered":"https:\/\/solecentrodeimagen.com\/?p=16670"},"modified":"2017-03-10T18:45:00","modified_gmt":"2017-03-10T17:45:00","slug":"perfumes-para-el-dia-de-la-madre","status":"publish","type":"post","link":"https:\/\/solecentrodeimagen.com\/en\/perfumes-para-el-dia-de-la-madre\/","title":{"rendered":"Perfumes para el d\u00eda de la madre"},"content":{"rendered":"<p style=\"text-align: justify;\">\u00bfYa has elegido el regalo para mam\u00e1? Un perfume, el regalo cl\u00e1sico por excelencia, es una buena opci\u00f3n para regalar. Pero, \u00bfqu\u00e9 perfume puede ser realmente especial para mam\u00e1?<\/p>\n<p style=\"text-align: justify;\">Este d\u00eda de la madre regala LAROME y recibe de obsequio una fragancia mini en un cofre regalo o un fular al comprar tu perfume femenino.<\/p>\n<p>\n<script async src=\"\/\/pagead2.googlesyndication.com\/pagead\/js\/adsbygoogle.js\"><\/script><br \/>\n<!-- adaptable texto --><br \/>\n<ins class=\"adsbygoogle\"\n     style=\"display:block\"\n     data-ad-client=\"ca-pub-2768168658867623\"\n     data-ad-slot=\"5199440391\"\n     data-ad-format=\"auto\"><\/ins><br \/>\n<script>\n(adsbygoogle = window.adsbygoogle || <div class=\"fusion-fullwidth fullwidth-box fusion-builder-row-1 hundred-percent-fullwidth non-hundred-percent-height-scrolling\" style=\"--awb-border-radius-top-left:0px;--awb-border-radius-top-right:0px;--awb-border-radius-bottom-right:0px;--awb-border-radius-bottom-left:0px;--awb-overflow:visible;--awb-flex-wrap:wrap;\" ><div class=\"fusion-builder-row fusion-row\"><div class=\"fusion-layout-column fusion_builder_column fusion-builder-column-0 fusion_builder_column_1_1 1_1 fusion-one-full fusion-column-first fusion-column-last fusion-column-no-min-height\" style=\"--awb-bg-size:cover;--awb-margin-bottom:0px;\"><div class=\"fusion-column-wrapper fusion-flex-column-wrapper-legacy\">[]).push({});\n<\/script><\/p>\n<div class=\"fusion-clearfix\"><\/div><\/div><\/div><\/div><\/div><\/p>\n","protected":false},"excerpt":{"rendered":"<p>\u00bfYa has elegido el regalo para mam\u00e1? Un perfume, el regalo cl\u00e1sico por excelencia, es una buena opci\u00f3n para regalar. Pero, \u00bfqu\u00e9 perfume puede ser realmente especial para mam\u00e1? Este d\u00eda de la madre regala LAROME y recibe de obsequio una fragancia mini en un cofre regalo o un fular al comprar tu perfume femenino. [&hellip;]<\/p>\n","protected":false},"author":13,"featured_media":16673,"comment_status":"open","ping_status":"open","sticky":false,"template":"","format":"image","meta":{"footnotes":""},"categories":[3,73,2],"tags":[140,139],"class_list":["post-16670","post","type-post","status-publish","format-image","has-post-thumbnail","hentry","category-novedades","category-ofertas","category-promociones","tag-diadelamadre","tag-perfumes","post_format-post-format-image"],"translation":{"provider":"WPGlobus","version":"3.0.0","language":"en","enabled_languages":["es","en","fr"],"languages":{"es":{"title":true,"content":true,"excerpt":false},"en":{"title":false,"content":false,"excerpt":false},"fr":{"title":false,"content":false,"excerpt":false}}},"yoast_head":"<!-- This site is optimized with the Yoast SEO plugin v23.5 - https:\/\/yoast.com\/wordpress\/plugins\/seo\/ -->\n<title>Perfumes para el d\u00eda de la madre | Sole Centro de Imagen<\/title>\n<meta name=\"robots\" content=\"index, follow, max-snippet:-1, max-image-preview:large, max-video-preview:-1\" \/>\n<link rel=\"canonical\" href=\"https:\/\/solecentrodeimagen.com\/en\/perfumes-para-el-dia-de-la-madre\/\" \/>\n<meta property=\"og:locale\" content=\"en_US\" \/>\n<meta property=\"og:type\" content=\"article\" \/>\n<meta property=\"og:title\" content=\"Perfumes para el d\u00eda de la madre | Sole Centro de Imagen\" \/>\n<meta property=\"og:url\" content=\"https:\/\/solecentrodeimagen.com\/en\/perfumes-para-el-dia-de-la-madre\/\" \/>\n<meta property=\"og:site_name\" content=\"Sole Centro de Imagen\" \/>\n<meta property=\"article:publisher\" content=\"http:\/\/www.facebook.com\/solecentrodeimagen\" \/>\n<meta property=\"article:author\" content=\"http:\/\/www.facebook.com\/solecentrodeimagen\" \/>\n<meta property=\"article:published_time\" content=\"2016-04-15T09:40:16+00:00\" \/>\n<meta property=\"article:modified_time\" content=\"2017-03-10T17:45:00+00:00\" \/>\n<meta property=\"og:image\" content=\"https:\/\/solecentrodeimagen.com\/wp-content\/uploads\/2016\/04\/Captura33.jpg\" \/>\n\t<meta property=\"og:image:width\" content=\"502\" \/>\n\t<meta property=\"og:image:height\" content=\"376\" \/>\n\t<meta property=\"og:image:type\" content=\"image\/jpeg\" \/>\n<meta name=\"author\" content=\"SOLE CENTRO DE IMAGEN INTEGRAL\" \/>\n<meta name=\"twitter:card\" content=\"summary_large_image\" \/>\n<meta name=\"twitter:label1\" content=\"Written by\" \/>\n\t<meta name=\"twitter:data1\" content=\"SOLE CENTRO DE IMAGEN INTEGRAL\" \/>\n<script type=\"application\/ld+json\" class=\"yoast-schema-graph\">{\"@context\":\"https:\/\/schema.org\",\"@graph\":[{\"@type\":\"Article\",\"@id\":\"https:\/\/solecentrodeimagen.com\/en\/perfumes-para-el-dia-de-la-madre\/#article\",\"isPartOf\":{\"@id\":\"https:\/\/solecentrodeimagen.com\/en\/perfumes-para-el-dia-de-la-madre\/\"},\"author\":{\"name\":\"SOLE CENTRO DE IMAGEN INTEGRAL\",\"@id\":\"https:\/\/solecentrodeimagen.com\/#\/schema\/person\/a07bd6a04172e2938c67d18f721233fd\"},\"headline\":\"Perfumes para el d\u00eda de la madre\",\"datePublished\":\"2016-04-15T09:40:16+00:00\",\"dateModified\":\"2017-03-10T17:45:00+00:00\",\"mainEntityOfPage\":{\"@id\":\"https:\/\/solecentrodeimagen.com\/en\/perfumes-para-el-dia-de-la-madre\/\"},\"wordCount\":75,\"commentCount\":0,\"publisher\":{\"@id\":\"https:\/\/solecentrodeimagen.com\/#organization\"},\"image\":{\"@id\":\"https:\/\/solecentrodeimagen.com\/en\/perfumes-para-el-dia-de-la-madre\/#primaryimage\"},\"thumbnailUrl\":\"https:\/\/solecentrodeimagen.com\/wp-content\/uploads\/2016\/04\/Captura33.jpg\",\"keywords\":[\"diadelamadre\",\"perfumes\"],\"articleSection\":[\"Novedades\",\"Ofertas\",\"Promociones\"],\"inLanguage\":\"en-US\",\"potentialAction\":[{\"@type\":\"CommentAction\",\"name\":\"Comment\",\"target\":[\"https:\/\/solecentrodeimagen.com\/en\/perfumes-para-el-dia-de-la-madre\/#respond\"]}]},{\"@type\":\"WebPage\",\"@id\":\"https:\/\/solecentrodeimagen.com\/en\/perfumes-para-el-dia-de-la-madre\/\",\"url\":\"https:\/\/solecentrodeimagen.com\/en\/perfumes-para-el-dia-de-la-madre\/\",\"name\":\"Perfumes para el d\u00eda de la madre | Sole Centro de Imagen\",\"isPartOf\":{\"@id\":\"https:\/\/solecentrodeimagen.com\/#website\"},\"primaryImageOfPage\":{\"@id\":\"https:\/\/solecentrodeimagen.com\/en\/perfumes-para-el-dia-de-la-madre\/#primaryimage\"},\"image\":{\"@id\":\"https:\/\/solecentrodeimagen.com\/en\/perfumes-para-el-dia-de-la-madre\/#primaryimage\"},\"thumbnailUrl\":\"https:\/\/solecentrodeimagen.com\/wp-content\/uploads\/2016\/04\/Captura33.jpg\",\"datePublished\":\"2016-04-15T09:40:16+00:00\",\"dateModified\":\"2017-03-10T17:45:00+00:00\",\"breadcrumb\":{\"@id\":\"https:\/\/solecentrodeimagen.com\/en\/perfumes-para-el-dia-de-la-madre\/#breadcrumb\"},\"inLanguage\":\"en-US\",\"potentialAction\":[{\"@type\":\"ReadAction\",\"target\":[\"https:\/\/solecentrodeimagen.com\/en\/perfumes-para-el-dia-de-la-madre\/\"]}]},{\"@type\":\"ImageObject\",\"inLanguage\":\"en-US\",\"@id\":\"https:\/\/solecentrodeimagen.com\/en\/perfumes-para-el-dia-de-la-madre\/#primaryimage\",\"url\":\"https:\/\/solecentrodeimagen.com\/wp-content\/uploads\/2016\/04\/Captura33.jpg\",\"contentUrl\":\"https:\/\/solecentrodeimagen.com\/wp-content\/uploads\/2016\/04\/Captura33.jpg\",\"width\":502,\"height\":376},{\"@type\":\"BreadcrumbList\",\"@id\":\"https:\/\/solecentrodeimagen.com\/en\/perfumes-para-el-dia-de-la-madre\/#breadcrumb\",\"itemListElement\":[{\"@type\":\"ListItem\",\"position\":1,\"name\":\"Home\",\"item\":\"https:\/\/solecentrodeimagen.com\/\"},{\"@type\":\"ListItem\",\"position\":2,\"name\":\"Perfumes para el d\u00eda de la madre\"}]},{\"@type\":\"WebSite\",\"@id\":\"https:\/\/solecentrodeimagen.com\/#website\",\"url\":\"https:\/\/solecentrodeimagen.com\/\",\"name\":\"Sole Centro de Imagen\",\"description\":\"Centro Medicina Est\u00e9tica, Dermatolog\u00eda y Est\u00e9tica avanzada\",\"publisher\":{\"@id\":\"https:\/\/solecentrodeimagen.com\/#organization\"},\"potentialAction\":[{\"@type\":\"SearchAction\",\"target\":{\"@type\":\"EntryPoint\",\"urlTemplate\":\"https:\/\/solecentrodeimagen.com\/?s={search_term_string}\"},\"query-input\":{\"@type\":\"PropertyValueSpecification\",\"valueRequired\":true,\"valueName\":\"search_term_string\"}}],\"inLanguage\":\"en-US\"},{\"@type\":\"Organization\",\"@id\":\"https:\/\/solecentrodeimagen.com\/#organization\",\"name\":\"Sole Centro de Imagen Integral\",\"url\":\"https:\/\/solecentrodeimagen.com\/\",\"logo\":{\"@type\":\"ImageObject\",\"inLanguage\":\"en-US\",\"@id\":\"https:\/\/solecentrodeimagen.com\/#\/schema\/logo\/image\/\",\"url\":\"https:\/\/solecentrodeimagen.com\/wp-content\/uploads\/2016\/06\/logo-solecentromedico.png\",\"contentUrl\":\"https:\/\/solecentrodeimagen.com\/wp-content\/uploads\/2016\/06\/logo-solecentromedico.png\",\"width\":281,\"height\":96,\"caption\":\"Sole Centro de Imagen Integral\"},\"image\":{\"@id\":\"https:\/\/solecentrodeimagen.com\/#\/schema\/logo\/image\/\"},\"sameAs\":[\"http:\/\/www.facebook.com\/solecentrodeimagen\",\"http:\/\/www.instagram.com\/solecentrodeimagen\"]},{\"@type\":\"Person\",\"@id\":\"https:\/\/solecentrodeimagen.com\/#\/schema\/person\/a07bd6a04172e2938c67d18f721233fd\",\"name\":\"SOLE CENTRO DE IMAGEN INTEGRAL\",\"image\":{\"@type\":\"ImageObject\",\"inLanguage\":\"en-US\",\"@id\":\"https:\/\/solecentrodeimagen.com\/#\/schema\/person\/image\/\",\"url\":\"https:\/\/secure.gravatar.com\/avatar\/270e8283f6e116369ba63541886d8795?s=96&d=mm&r=g\",\"contentUrl\":\"https:\/\/secure.gravatar.com\/avatar\/270e8283f6e116369ba63541886d8795?s=96&d=mm&r=g\",\"caption\":\"SOLE CENTRO DE IMAGEN INTEGRAL\"},\"sameAs\":[\"https:\/\/www.solecentrodeimagen.com\",\"http:\/\/www.facebook.com\/solecentrodeimagen\"]}]}<\/script>\n<!-- \/ Yoast SEO plugin. -->","yoast_head_json":{"title":"Perfumes para el d\u00eda de la madre | Sole Centro de Imagen","robots":{"index":"index","follow":"follow","max-snippet":"max-snippet:-1","max-image-preview":"max-image-preview:large","max-video-preview":"max-video-preview:-1"},"canonical":"https:\/\/solecentrodeimagen.com\/en\/perfumes-para-el-dia-de-la-madre\/","og_locale":"en_US","og_type":"article","og_title":"Perfumes para el d\u00eda de la madre | Sole Centro de Imagen","og_url":"https:\/\/solecentrodeimagen.com\/en\/perfumes-para-el-dia-de-la-madre\/","og_site_name":"Sole Centro de Imagen","article_publisher":"http:\/\/www.facebook.com\/solecentrodeimagen","article_author":"http:\/\/www.facebook.com\/solecentrodeimagen","article_published_time":"2016-04-15T09:40:16+00:00","article_modified_time":"2017-03-10T17:45:00+00:00","og_image":[{"width":502,"height":376,"url":"https:\/\/solecentrodeimagen.com\/wp-content\/uploads\/2016\/04\/Captura33.jpg","type":"image\/jpeg"}],"author":"SOLE CENTRO DE IMAGEN INTEGRAL","twitter_card":"summary_large_image","twitter_misc":{"Written by":"SOLE CENTRO DE IMAGEN INTEGRAL"},"schema":{"@context":"https:\/\/schema.org","@graph":[{"@type":"Article","@id":"https:\/\/solecentrodeimagen.com\/en\/perfumes-para-el-dia-de-la-madre\/#article","isPartOf":{"@id":"https:\/\/solecentrodeimagen.com\/en\/perfumes-para-el-dia-de-la-madre\/"},"author":{"name":"SOLE CENTRO DE IMAGEN INTEGRAL","@id":"https:\/\/solecentrodeimagen.com\/#\/schema\/person\/a07bd6a04172e2938c67d18f721233fd"},"headline":"Perfumes para el d\u00eda de la madre","datePublished":"2016-04-15T09:40:16+00:00","dateModified":"2017-03-10T17:45:00+00:00","mainEntityOfPage":{"@id":"https:\/\/solecentrodeimagen.com\/en\/perfumes-para-el-dia-de-la-madre\/"},"wordCount":75,"commentCount":0,"publisher":{"@id":"https:\/\/solecentrodeimagen.com\/#organization"},"image":{"@id":"https:\/\/solecentrodeimagen.com\/en\/perfumes-para-el-dia-de-la-madre\/#primaryimage"},"thumbnailUrl":"https:\/\/solecentrodeimagen.com\/wp-content\/uploads\/2016\/04\/Captura33.jpg","keywords":["diadelamadre","perfumes"],"articleSection":["Novedades","Ofertas","Promociones"],"inLanguage":"en-US","potentialAction":[{"@type":"CommentAction","name":"Comment","target":["https:\/\/solecentrodeimagen.com\/en\/perfumes-para-el-dia-de-la-madre\/#respond"]}]},{"@type":"WebPage","@id":"https:\/\/solecentrodeimagen.com\/en\/perfumes-para-el-dia-de-la-madre\/","url":"https:\/\/solecentrodeimagen.com\/en\/perfumes-para-el-dia-de-la-madre\/","name":"Perfumes para el d\u00eda de la madre | Sole Centro de Imagen","isPartOf":{"@id":"https:\/\/solecentrodeimagen.com\/#website"},"primaryImageOfPage":{"@id":"https:\/\/solecentrodeimagen.com\/en\/perfumes-para-el-dia-de-la-madre\/#primaryimage"},"image":{"@id":"https:\/\/solecentrodeimagen.com\/en\/perfumes-para-el-dia-de-la-madre\/#primaryimage"},"thumbnailUrl":"https:\/\/solecentrodeimagen.com\/wp-content\/uploads\/2016\/04\/Captura33.jpg","datePublished":"2016-04-15T09:40:16+00:00","dateModified":"2017-03-10T17:45:00+00:00","breadcrumb":{"@id":"https:\/\/solecentrodeimagen.com\/en\/perfumes-para-el-dia-de-la-madre\/#breadcrumb"},"inLanguage":"en-US","potentialAction":[{"@type":"ReadAction","target":["https:\/\/solecentrodeimagen.com\/en\/perfumes-para-el-dia-de-la-madre\/"]}]},{"@type":"ImageObject","inLanguage":"en-US","@id":"https:\/\/solecentrodeimagen.com\/en\/perfumes-para-el-dia-de-la-madre\/#primaryimage","url":"https:\/\/solecentrodeimagen.com\/wp-content\/uploads\/2016\/04\/Captura33.jpg","contentUrl":"https:\/\/solecentrodeimagen.com\/wp-content\/uploads\/2016\/04\/Captura33.jpg","width":502,"height":376},{"@type":"BreadcrumbList","@id":"https:\/\/solecentrodeimagen.com\/en\/perfumes-para-el-dia-de-la-madre\/#breadcrumb","itemListElement":[{"@type":"ListItem","position":1,"name":"Home","item":"https:\/\/solecentrodeimagen.com\/"},{"@type":"ListItem","position":2,"name":"Perfumes para el d\u00eda de la madre"}]},{"@type":"WebSite","@id":"https:\/\/solecentrodeimagen.com\/#website","url":"https:\/\/solecentrodeimagen.com\/","name":"Sole Centro de Imagen","description":"Centro Medicina Est\u00e9tica, Dermatolog\u00eda y Est\u00e9tica avanzada","publisher":{"@id":"https:\/\/solecentrodeimagen.com\/#organization"},"potentialAction":[{"@type":"SearchAction","target":{"@type":"EntryPoint","urlTemplate":"https:\/\/solecentrodeimagen.com\/?s={search_term_string}"},"query-input":{"@type":"PropertyValueSpecification","valueRequired":true,"valueName":"search_term_string"}}],"inLanguage":"en-US"},{"@type":"Organization","@id":"https:\/\/solecentrodeimagen.com\/#organization","name":"Sole Centro de Imagen Integral","url":"https:\/\/solecentrodeimagen.com\/","logo":{"@type":"ImageObject","inLanguage":"en-US","@id":"https:\/\/solecentrodeimagen.com\/#\/schema\/logo\/image\/","url":"https:\/\/solecentrodeimagen.com\/wp-content\/uploads\/2016\/06\/logo-solecentromedico.png","contentUrl":"https:\/\/solecentrodeimagen.com\/wp-content\/uploads\/2016\/06\/logo-solecentromedico.png","width":281,"height":96,"caption":"Sole Centro de Imagen Integral"},"image":{"@id":"https:\/\/solecentrodeimagen.com\/#\/schema\/logo\/image\/"},"sameAs":["http:\/\/www.facebook.com\/solecentrodeimagen","http:\/\/www.instagram.com\/solecentrodeimagen"]},{"@type":"Person","@id":"https:\/\/solecentrodeimagen.com\/#\/schema\/person\/a07bd6a04172e2938c67d18f721233fd","name":"SOLE CENTRO DE IMAGEN INTEGRAL","image":{"@type":"ImageObject","inLanguage":"en-US","@id":"https:\/\/solecentrodeimagen.com\/#\/schema\/person\/image\/","url":"https:\/\/secure.gravatar.com\/avatar\/270e8283f6e116369ba63541886d8795?s=96&d=mm&r=g","contentUrl":"https:\/\/secure.gravatar.com\/avatar\/270e8283f6e116369ba63541886d8795?s=96&d=mm&r=g","caption":"SOLE CENTRO DE IMAGEN INTEGRAL"},"sameAs":["https:\/\/www.solecentrodeimagen.com","http:\/\/www.facebook.com\/solecentrodeimagen"]}]}},"_links":{"self":[{"href":"https:\/\/solecentrodeimagen.com\/en\/wp-json\/wp\/v2\/posts\/16670"}],"collection":[{"href":"https:\/\/solecentrodeimagen.com\/en\/wp-json\/wp\/v2\/posts"}],"about":[{"href":"https:\/\/solecentrodeimagen.com\/en\/wp-json\/wp\/v2\/types\/post"}],"author":[{"embeddable":true,"href":"https:\/\/solecentrodeimagen.com\/en\/wp-json\/wp\/v2\/users\/13"}],"replies":[{"embeddable":true,"href":"https:\/\/solecentrodeimagen.com\/en\/wp-json\/wp\/v2\/comments?post=16670"}],"version-history":[{"count":0,"href":"https:\/\/solecentrodeimagen.com\/en\/wp-json\/wp\/v2\/posts\/16670\/revisions"}],"wp:featuredmedia":[{"embeddable":true,"href":"https:\/\/solecentrodeimagen.com\/en\/wp-json\/wp\/v2\/media\/16673"}],"wp:attachment":[{"href":"https:\/\/solecentrodeimagen.com\/en\/wp-json\/wp\/v2\/media?parent=16670"}],"wp:term":[{"taxonomy":"category","embeddable":true,"href":"https:\/\/solecentrodeimagen.com\/en\/wp-json\/wp\/v2\/categories?post=16670"},{"taxonomy":"post_tag","embeddable":true,"href":"https:\/\/solecentrodeimagen.com\/en\/wp-json\/wp\/v2\/tags?post=16670"}],"curies":[{"name":"wp","href":"https:\/\/api.w.org\/{rel}","templated":true}]}}