{"id":16695,"date":"2016-04-28T12:27:09","date_gmt":"2016-04-28T10:27:09","guid":{"rendered":"https:\/\/solecentrodeimagen.com\/?p=16695"},"modified":"2017-03-10T18:45:00","modified_gmt":"2017-03-10T17:45:00","slug":"mesoterapia-facial-de-colageno-y-vitaminas","status":"publish","type":"post","link":"https:\/\/solecentrodeimagen.com\/en\/mesoterapia-facial-de-colageno-y-vitaminas\/","title":{"rendered":"Mesoterapia Facial de Col\u00e1geno y Vitaminas"},"content":{"rendered":"<p style=\"text-align: justify;\">Llega a nuestro centro la mesoterepia facialde col\u00e1geno y vitaminas, un nuevo tratamiento sst\u00e9tico Bioestimulante para combatir el envejecimiento facial y las imperfecciones corporales.<br \/>\nUsando un dispositi<span class=\"text_exposed_show\">vo de micropunci\u00f3n realizamos una mesoterapia a trav\u00e9s de la cual conseguiremos luminosidad, vitalidad, corrige y disminuye las arrugas, las manchas y las estrias, regenera el col\u00e1geno y mejora la p\u00e9rdida del \u00f3valo y la flacidez..<br \/>\nVen y pru\u00e9balo, te sorprender\u00e1s! Resultados visibles desde la primera sesi\u00f3n.<\/span><\/p>\n<p style=\"text-align: justify;\">Si desea mas informaci\u00f3n acerca de este tratamiento pinche <a href=\"https:\/\/solecentrodeimagen.com\/index.php\/estetica\/faciales\/mesoterapia-antiaging\/\">aqu\u00ed<\/a>.<\/p>\n","protected":false},"excerpt":{"rendered":"<p>Llega a nuestro centro la mesoterepia facialde col\u00e1geno y vitaminas, un nuevo tratamiento sst\u00e9tico Bioestimulante para combatir el envejecimiento facial y las imperfecciones corporales. Usando un dispositivo de micropunci\u00f3n realizamos una mesoterapia a trav\u00e9s de la cual conseguiremos luminosidad, vitalidad, corrige y disminuye las arrugas, las manchas y las estrias, regenera el col\u00e1geno y mejora [&hellip;]<\/p>\n","protected":false},"author":13,"featured_media":16696,"comment_status":"open","ping_status":"open","sticky":false,"template":"","format":"image","meta":{"footnotes":""},"categories":[3],"tags":[],"class_list":["post-16695","post","type-post","status-publish","format-image","has-post-thumbnail","hentry","category-novedades","post_format-post-format-image"],"translation":{"provider":"WPGlobus","version":"3.0.0","language":"en","enabled_languages":["es","en","fr"],"languages":{"es":{"title":true,"content":true,"excerpt":false},"en":{"title":false,"content":false,"excerpt":false},"fr":{"title":false,"content":false,"excerpt":false}}},"yoast_head":"<!-- This site is optimized with the Yoast SEO plugin v23.5 - https:\/\/yoast.com\/wordpress\/plugins\/seo\/ -->\n<title>Mesoterapia Facial de Col\u00e1geno y Vitaminas | Sole Centro de Imagen<\/title>\n<meta name=\"robots\" content=\"index, follow, max-snippet:-1, max-image-preview:large, max-video-preview:-1\" \/>\n<link rel=\"canonical\" href=\"https:\/\/solecentrodeimagen.com\/mesoterapia-facial-de-colageno-y-vitaminas\/\" \/>\n<meta property=\"og:locale\" content=\"en_US\" \/>\n<meta property=\"og:type\" content=\"article\" \/>\n<meta property=\"og:title\" content=\"Mesoterapia Facial de Col\u00e1geno y Vitaminas | Sole Centro de Imagen\" \/>\n<meta property=\"og:url\" content=\"https:\/\/solecentrodeimagen.com\/mesoterapia-facial-de-colageno-y-vitaminas\/\" \/>\n<meta property=\"og:site_name\" content=\"Sole Centro de Imagen\" \/>\n<meta property=\"article:publisher\" content=\"http:\/\/www.facebook.com\/solecentrodeimagen\" \/>\n<meta property=\"article:author\" content=\"http:\/\/www.facebook.com\/solecentrodeimagen\" \/>\n<meta property=\"article:published_time\" content=\"2016-04-28T10:27:09+00:00\" \/>\n<meta property=\"article:modified_time\" content=\"2017-03-10T17:45:00+00:00\" \/>\n<meta property=\"og:image\" content=\"https:\/\/solecentrodeimagen.com\/wp-content\/uploads\/2016\/04\/13062048_1712587498998883_3191566632649425870_n.jpg\" \/>\n\t<meta property=\"og:image:width\" content=\"540\" \/>\n\t<meta property=\"og:image:height\" content=\"383\" \/>\n\t<meta property=\"og:image:type\" content=\"image\/jpeg\" \/>\n<meta name=\"author\" content=\"SOLE CENTRO DE IMAGEN INTEGRAL\" \/>\n<meta name=\"twitter:card\" content=\"summary_large_image\" \/>\n<meta name=\"twitter:label1\" content=\"Written by\" \/>\n\t<meta name=\"twitter:data1\" content=\"SOLE CENTRO DE IMAGEN INTEGRAL\" \/>\n<script type=\"application\/ld+json\" class=\"yoast-schema-graph\">{\"@context\":\"https:\/\/schema.org\",\"@graph\":[{\"@type\":\"Article\",\"@id\":\"https:\/\/solecentrodeimagen.com\/mesoterapia-facial-de-colageno-y-vitaminas\/#article\",\"isPartOf\":{\"@id\":\"https:\/\/solecentrodeimagen.com\/mesoterapia-facial-de-colageno-y-vitaminas\/\"},\"author\":{\"name\":\"SOLE CENTRO DE IMAGEN INTEGRAL\",\"@id\":\"https:\/\/solecentrodeimagen.com\/#\/schema\/person\/a07bd6a04172e2938c67d18f721233fd\"},\"headline\":\"Mesoterapia Facial de Col\u00e1geno y Vitaminas\",\"datePublished\":\"2016-04-28T10:27:09+00:00\",\"dateModified\":\"2017-03-10T17:45:00+00:00\",\"mainEntityOfPage\":{\"@id\":\"https:\/\/solecentrodeimagen.com\/mesoterapia-facial-de-colageno-y-vitaminas\/\"},\"wordCount\":100,\"commentCount\":0,\"publisher\":{\"@id\":\"https:\/\/solecentrodeimagen.com\/#organization\"},\"image\":{\"@id\":\"https:\/\/solecentrodeimagen.com\/mesoterapia-facial-de-colageno-y-vitaminas\/#primaryimage\"},\"thumbnailUrl\":\"https:\/\/solecentrodeimagen.com\/wp-content\/uploads\/2016\/04\/13062048_1712587498998883_3191566632649425870_n.jpg\",\"articleSection\":[\"Novedades\"],\"inLanguage\":\"en-US\",\"potentialAction\":[{\"@type\":\"CommentAction\",\"name\":\"Comment\",\"target\":[\"https:\/\/solecentrodeimagen.com\/mesoterapia-facial-de-colageno-y-vitaminas\/#respond\"]}]},{\"@type\":\"WebPage\",\"@id\":\"https:\/\/solecentrodeimagen.com\/mesoterapia-facial-de-colageno-y-vitaminas\/\",\"url\":\"https:\/\/solecentrodeimagen.com\/mesoterapia-facial-de-colageno-y-vitaminas\/\",\"name\":\"Mesoterapia Facial de Col\u00e1geno y Vitaminas | Sole Centro de Imagen\",\"isPartOf\":{\"@id\":\"https:\/\/solecentrodeimagen.com\/#website\"},\"primaryImageOfPage\":{\"@id\":\"https:\/\/solecentrodeimagen.com\/mesoterapia-facial-de-colageno-y-vitaminas\/#primaryimage\"},\"image\":{\"@id\":\"https:\/\/solecentrodeimagen.com\/mesoterapia-facial-de-colageno-y-vitaminas\/#primaryimage\"},\"thumbnailUrl\":\"https:\/\/solecentrodeimagen.com\/wp-content\/uploads\/2016\/04\/13062048_1712587498998883_3191566632649425870_n.jpg\",\"datePublished\":\"2016-04-28T10:27:09+00:00\",\"dateModified\":\"2017-03-10T17:45:00+00:00\",\"breadcrumb\":{\"@id\":\"https:\/\/solecentrodeimagen.com\/mesoterapia-facial-de-colageno-y-vitaminas\/#breadcrumb\"},\"inLanguage\":\"en-US\",\"potentialAction\":[{\"@type\":\"ReadAction\",\"target\":[\"https:\/\/solecentrodeimagen.com\/mesoterapia-facial-de-colageno-y-vitaminas\/\"]}]},{\"@type\":\"ImageObject\",\"inLanguage\":\"en-US\",\"@id\":\"https:\/\/solecentrodeimagen.com\/mesoterapia-facial-de-colageno-y-vitaminas\/#primaryimage\",\"url\":\"https:\/\/solecentrodeimagen.com\/wp-content\/uploads\/2016\/04\/13062048_1712587498998883_3191566632649425870_n.jpg\",\"contentUrl\":\"https:\/\/solecentrodeimagen.com\/wp-content\/uploads\/2016\/04\/13062048_1712587498998883_3191566632649425870_n.jpg\",\"width\":540,\"height\":383,\"caption\":\"mesoterapia facial\"},{\"@type\":\"BreadcrumbList\",\"@id\":\"https:\/\/solecentrodeimagen.com\/mesoterapia-facial-de-colageno-y-vitaminas\/#breadcrumb\",\"itemListElement\":[{\"@type\":\"ListItem\",\"position\":1,\"name\":\"Home\",\"item\":\"https:\/\/solecentrodeimagen.com\/\"},{\"@type\":\"ListItem\",\"position\":2,\"name\":\"Mesoterapia Facial de Col\u00e1geno y Vitaminas\"}]},{\"@type\":\"WebSite\",\"@id\":\"https:\/\/solecentrodeimagen.com\/#website\",\"url\":\"https:\/\/solecentrodeimagen.com\/\",\"name\":\"Sole Centro de Imagen\",\"description\":\"Centro Medicina Est\u00e9tica, Dermatolog\u00eda y Est\u00e9tica avanzada\",\"publisher\":{\"@id\":\"https:\/\/solecentrodeimagen.com\/#organization\"},\"potentialAction\":[{\"@type\":\"SearchAction\",\"target\":{\"@type\":\"EntryPoint\",\"urlTemplate\":\"https:\/\/solecentrodeimagen.com\/?s={search_term_string}\"},\"query-input\":{\"@type\":\"PropertyValueSpecification\",\"valueRequired\":true,\"valueName\":\"search_term_string\"}}],\"inLanguage\":\"en-US\"},{\"@type\":\"Organization\",\"@id\":\"https:\/\/solecentrodeimagen.com\/#organization\",\"name\":\"Sole Centro de Imagen Integral\",\"url\":\"https:\/\/solecentrodeimagen.com\/\",\"logo\":{\"@type\":\"ImageObject\",\"inLanguage\":\"en-US\",\"@id\":\"https:\/\/solecentrodeimagen.com\/#\/schema\/logo\/image\/\",\"url\":\"https:\/\/solecentrodeimagen.com\/wp-content\/uploads\/2016\/06\/logo-solecentromedico.png\",\"contentUrl\":\"https:\/\/solecentrodeimagen.com\/wp-content\/uploads\/2016\/06\/logo-solecentromedico.png\",\"width\":281,\"height\":96,\"caption\":\"Sole Centro de Imagen Integral\"},\"image\":{\"@id\":\"https:\/\/solecentrodeimagen.com\/#\/schema\/logo\/image\/\"},\"sameAs\":[\"http:\/\/www.facebook.com\/solecentrodeimagen\",\"http:\/\/www.instagram.com\/solecentrodeimagen\"]},{\"@type\":\"Person\",\"@id\":\"https:\/\/solecentrodeimagen.com\/#\/schema\/person\/a07bd6a04172e2938c67d18f721233fd\",\"name\":\"SOLE CENTRO DE IMAGEN INTEGRAL\",\"image\":{\"@type\":\"ImageObject\",\"inLanguage\":\"en-US\",\"@id\":\"https:\/\/solecentrodeimagen.com\/#\/schema\/person\/image\/\",\"url\":\"https:\/\/secure.gravatar.com\/avatar\/270e8283f6e116369ba63541886d8795?s=96&d=mm&r=g\",\"contentUrl\":\"https:\/\/secure.gravatar.com\/avatar\/270e8283f6e116369ba63541886d8795?s=96&d=mm&r=g\",\"caption\":\"SOLE CENTRO DE IMAGEN INTEGRAL\"},\"sameAs\":[\"https:\/\/www.solecentrodeimagen.com\",\"http:\/\/www.facebook.com\/solecentrodeimagen\"]}]}<\/script>\n<!-- \/ Yoast SEO plugin. -->","yoast_head_json":{"title":"Mesoterapia Facial de Col\u00e1geno y Vitaminas | Sole Centro de Imagen","robots":{"index":"index","follow":"follow","max-snippet":"max-snippet:-1","max-image-preview":"max-image-preview:large","max-video-preview":"max-video-preview:-1"},"canonical":"https:\/\/solecentrodeimagen.com\/mesoterapia-facial-de-colageno-y-vitaminas\/","og_locale":"en_US","og_type":"article","og_title":"Mesoterapia Facial de Col\u00e1geno y Vitaminas | Sole Centro de Imagen","og_url":"https:\/\/solecentrodeimagen.com\/mesoterapia-facial-de-colageno-y-vitaminas\/","og_site_name":"Sole Centro de Imagen","article_publisher":"http:\/\/www.facebook.com\/solecentrodeimagen","article_author":"http:\/\/www.facebook.com\/solecentrodeimagen","article_published_time":"2016-04-28T10:27:09+00:00","article_modified_time":"2017-03-10T17:45:00+00:00","og_image":[{"width":540,"height":383,"url":"https:\/\/solecentrodeimagen.com\/wp-content\/uploads\/2016\/04\/13062048_1712587498998883_3191566632649425870_n.jpg","type":"image\/jpeg"}],"author":"SOLE CENTRO DE IMAGEN INTEGRAL","twitter_card":"summary_large_image","twitter_misc":{"Written by":"SOLE CENTRO DE IMAGEN INTEGRAL"},"schema":{"@context":"https:\/\/schema.org","@graph":[{"@type":"Article","@id":"https:\/\/solecentrodeimagen.com\/mesoterapia-facial-de-colageno-y-vitaminas\/#article","isPartOf":{"@id":"https:\/\/solecentrodeimagen.com\/mesoterapia-facial-de-colageno-y-vitaminas\/"},"author":{"name":"SOLE CENTRO DE IMAGEN INTEGRAL","@id":"https:\/\/solecentrodeimagen.com\/#\/schema\/person\/a07bd6a04172e2938c67d18f721233fd"},"headline":"Mesoterapia Facial de Col\u00e1geno y Vitaminas","datePublished":"2016-04-28T10:27:09+00:00","dateModified":"2017-03-10T17:45:00+00:00","mainEntityOfPage":{"@id":"https:\/\/solecentrodeimagen.com\/mesoterapia-facial-de-colageno-y-vitaminas\/"},"wordCount":100,"commentCount":0,"publisher":{"@id":"https:\/\/solecentrodeimagen.com\/#organization"},"image":{"@id":"https:\/\/solecentrodeimagen.com\/mesoterapia-facial-de-colageno-y-vitaminas\/#primaryimage"},"thumbnailUrl":"https:\/\/solecentrodeimagen.com\/wp-content\/uploads\/2016\/04\/13062048_1712587498998883_3191566632649425870_n.jpg","articleSection":["Novedades"],"inLanguage":"en-US","potentialAction":[{"@type":"CommentAction","name":"Comment","target":["https:\/\/solecentrodeimagen.com\/mesoterapia-facial-de-colageno-y-vitaminas\/#respond"]}]},{"@type":"WebPage","@id":"https:\/\/solecentrodeimagen.com\/mesoterapia-facial-de-colageno-y-vitaminas\/","url":"https:\/\/solecentrodeimagen.com\/mesoterapia-facial-de-colageno-y-vitaminas\/","name":"Mesoterapia Facial de Col\u00e1geno y Vitaminas | Sole Centro de Imagen","isPartOf":{"@id":"https:\/\/solecentrodeimagen.com\/#website"},"primaryImageOfPage":{"@id":"https:\/\/solecentrodeimagen.com\/mesoterapia-facial-de-colageno-y-vitaminas\/#primaryimage"},"image":{"@id":"https:\/\/solecentrodeimagen.com\/mesoterapia-facial-de-colageno-y-vitaminas\/#primaryimage"},"thumbnailUrl":"https:\/\/solecentrodeimagen.com\/wp-content\/uploads\/2016\/04\/13062048_1712587498998883_3191566632649425870_n.jpg","datePublished":"2016-04-28T10:27:09+00:00","dateModified":"2017-03-10T17:45:00+00:00","breadcrumb":{"@id":"https:\/\/solecentrodeimagen.com\/mesoterapia-facial-de-colageno-y-vitaminas\/#breadcrumb"},"inLanguage":"en-US","potentialAction":[{"@type":"ReadAction","target":["https:\/\/solecentrodeimagen.com\/mesoterapia-facial-de-colageno-y-vitaminas\/"]}]},{"@type":"ImageObject","inLanguage":"en-US","@id":"https:\/\/solecentrodeimagen.com\/mesoterapia-facial-de-colageno-y-vitaminas\/#primaryimage","url":"https:\/\/solecentrodeimagen.com\/wp-content\/uploads\/2016\/04\/13062048_1712587498998883_3191566632649425870_n.jpg","contentUrl":"https:\/\/solecentrodeimagen.com\/wp-content\/uploads\/2016\/04\/13062048_1712587498998883_3191566632649425870_n.jpg","width":540,"height":383,"caption":"mesoterapia facial"},{"@type":"BreadcrumbList","@id":"https:\/\/solecentrodeimagen.com\/mesoterapia-facial-de-colageno-y-vitaminas\/#breadcrumb","itemListElement":[{"@type":"ListItem","position":1,"name":"Home","item":"https:\/\/solecentrodeimagen.com\/"},{"@type":"ListItem","position":2,"name":"Mesoterapia Facial de Col\u00e1geno y Vitaminas"}]},{"@type":"WebSite","@id":"https:\/\/solecentrodeimagen.com\/#website","url":"https:\/\/solecentrodeimagen.com\/","name":"Sole Centro de Imagen","description":"Centro Medicina Est\u00e9tica, Dermatolog\u00eda y Est\u00e9tica avanzada","publisher":{"@id":"https:\/\/solecentrodeimagen.com\/#organization"},"potentialAction":[{"@type":"SearchAction","target":{"@type":"EntryPoint","urlTemplate":"https:\/\/solecentrodeimagen.com\/?s={search_term_string}"},"query-input":{"@type":"PropertyValueSpecification","valueRequired":true,"valueName":"search_term_string"}}],"inLanguage":"en-US"},{"@type":"Organization","@id":"https:\/\/solecentrodeimagen.com\/#organization","name":"Sole Centro de Imagen Integral","url":"https:\/\/solecentrodeimagen.com\/","logo":{"@type":"ImageObject","inLanguage":"en-US","@id":"https:\/\/solecentrodeimagen.com\/#\/schema\/logo\/image\/","url":"https:\/\/solecentrodeimagen.com\/wp-content\/uploads\/2016\/06\/logo-solecentromedico.png","contentUrl":"https:\/\/solecentrodeimagen.com\/wp-content\/uploads\/2016\/06\/logo-solecentromedico.png","width":281,"height":96,"caption":"Sole Centro de Imagen Integral"},"image":{"@id":"https:\/\/solecentrodeimagen.com\/#\/schema\/logo\/image\/"},"sameAs":["http:\/\/www.facebook.com\/solecentrodeimagen","http:\/\/www.instagram.com\/solecentrodeimagen"]},{"@type":"Person","@id":"https:\/\/solecentrodeimagen.com\/#\/schema\/person\/a07bd6a04172e2938c67d18f721233fd","name":"SOLE CENTRO DE IMAGEN INTEGRAL","image":{"@type":"ImageObject","inLanguage":"en-US","@id":"https:\/\/solecentrodeimagen.com\/#\/schema\/person\/image\/","url":"https:\/\/secure.gravatar.com\/avatar\/270e8283f6e116369ba63541886d8795?s=96&d=mm&r=g","contentUrl":"https:\/\/secure.gravatar.com\/avatar\/270e8283f6e116369ba63541886d8795?s=96&d=mm&r=g","caption":"SOLE CENTRO DE IMAGEN INTEGRAL"},"sameAs":["https:\/\/www.solecentrodeimagen.com","http:\/\/www.facebook.com\/solecentrodeimagen"]}]}},"_links":{"self":[{"href":"https:\/\/solecentrodeimagen.com\/en\/wp-json\/wp\/v2\/posts\/16695"}],"collection":[{"href":"https:\/\/solecentrodeimagen.com\/en\/wp-json\/wp\/v2\/posts"}],"about":[{"href":"https:\/\/solecentrodeimagen.com\/en\/wp-json\/wp\/v2\/types\/post"}],"author":[{"embeddable":true,"href":"https:\/\/solecentrodeimagen.com\/en\/wp-json\/wp\/v2\/users\/13"}],"replies":[{"embeddable":true,"href":"https:\/\/solecentrodeimagen.com\/en\/wp-json\/wp\/v2\/comments?post=16695"}],"version-history":[{"count":0,"href":"https:\/\/solecentrodeimagen.com\/en\/wp-json\/wp\/v2\/posts\/16695\/revisions"}],"wp:featuredmedia":[{"embeddable":true,"href":"https:\/\/solecentrodeimagen.com\/en\/wp-json\/wp\/v2\/media\/16696"}],"wp:attachment":[{"href":"https:\/\/solecentrodeimagen.com\/en\/wp-json\/wp\/v2\/media?parent=16695"}],"wp:term":[{"taxonomy":"category","embeddable":true,"href":"https:\/\/solecentrodeimagen.com\/en\/wp-json\/wp\/v2\/categories?post=16695"},{"taxonomy":"post_tag","embeddable":true,"href":"https:\/\/solecentrodeimagen.com\/en\/wp-json\/wp\/v2\/tags?post=16695"}],"curies":[{"name":"wp","href":"https:\/\/api.w.org\/{rel}","templated":true}]}}